{"id":15063,"date":"2026-08-31T12:25:19","date_gmt":"2026-08-31T12:25:19","guid":{"rendered":"https:\/\/mos.sosnowiec.pl\/?p=15063"},"modified":"2026-08-31T12:25:57","modified_gmt":"2026-08-31T12:25:57","slug":"zaczynamy-nowy-rok-szkolny","status":"publish","type":"post","link":"https:\/\/mos.sosnowiec.pl\/?p=15063","title":{"rendered":"ZACZYNAMY NOWY ROK SZKOLNY"},"content":{"rendered":"\n<p class=\"wp-block-paragraph\">Cieszymy si\u0119, \u017ce ju\u017c za chwil\u0119 b\u0119dziemy mogli si\u0119 z Wami zn\u00f3w spotka\u0107 aby wsp\u00f3lnie rozwija\u0107 pasj\u0119. Niekt\u00f3rzy z Was ci\u0119\u017cko trenowali podczas wakacji inni mogli odpocz\u0105\u0107. \u017byczymy Wam samych sukces\u00f3w w Nowym Roku Szkolnym!<\/p>\n\n\n\n<p class=\"wp-block-paragraph\">Z Rodzicami\/Opiekunami, kt\u00f3rzy zapisali dziecko na zaj\u0119cia w roku szkolnym 2026\/2027 w najbli\u017cszym czasie b\u0119dziemy si\u0119 kontaktowa\u0107 w sprawie zaj\u0119\u0107.<\/p>\n\n\n\n<p class=\"wp-block-paragraph\"><\/p>\n","protected":false},"excerpt":{"rendered":"<p>Cieszymy si\u0119, \u017ce ju\u017c za chwil\u0119 b\u0119dziemy mogli si\u0119 z Wami zn\u00f3w spotka\u0107 aby wsp\u00f3lnie rozwija\u0107 pasj\u0119. Niekt\u00f3rzy z Was ci\u0119\u017cko trenowali podczas wakacji inni mogli odpocz\u0105\u0107. \u017byczymy Wam samych sukces\u00f3w w Nowym Roku Szkolnym! Z Rodzicami\/Opiekunami, kt\u00f3rzy zapisali dziecko na zaj\u0119cia w roku szkolnym 2026\/2027 w najbli\u017cszym czasie b\u0119dziemy si\u0119 kontaktowa\u0107 w sprawie zaj\u0119\u0107.<\/p>\n","protected":false},"author":24,"featured_media":15076,"comment_status":"closed","ping_status":"closed","sticky":false,"template":"","format":"standard","meta":{"footnotes":""},"categories":[1],"tags":[],"class_list":["post-15063","post","type-post","status-publish","format-standard","has-post-thumbnail","hentry","category-news"],"_links":{"self":[{"href":"https:\/\/mos.sosnowiec.pl\/index.php?rest_route=\/wp\/v2\/posts\/15063","targetHints":{"allow":["GET"]}}],"collection":[{"href":"https:\/\/mos.sosnowiec.pl\/index.php?rest_route=\/wp\/v2\/posts"}],"about":[{"href":"https:\/\/mos.sosnowiec.pl\/index.php?rest_route=\/wp\/v2\/types\/post"}],"author":[{"embeddable":true,"href":"https:\/\/mos.sosnowiec.pl\/index.php?rest_route=\/wp\/v2\/users\/24"}],"replies":[{"embeddable":true,"href":"https:\/\/mos.sosnowiec.pl\/index.php?rest_route=%2Fwp%2Fv2%2Fcomments&post=15063"}],"version-history":[{"count":2,"href":"https:\/\/mos.sosnowiec.pl\/index.php?rest_route=\/wp\/v2\/posts\/15063\/revisions"}],"predecessor-version":[{"id":15077,"href":"https:\/\/mos.sosnowiec.pl\/index.php?rest_route=\/wp\/v2\/posts\/15063\/revisions\/15077"}],"wp:featuredmedia":[{"embeddable":true,"href":"https:\/\/mos.sosnowiec.pl\/index.php?rest_route=\/wp\/v2\/media\/15076"}],"wp:attachment":[{"href":"https:\/\/mos.sosnowiec.pl\/index.php?rest_route=%2Fwp%2Fv2%2Fmedia&parent=15063"}],"wp:term":[{"taxonomy":"category","embeddable":true,"href":"https:\/\/mos.sosnowiec.pl\/index.php?rest_route=%2Fwp%2Fv2%2Fcategories&post=15063"},{"taxonomy":"post_tag","embeddable":true,"href":"https:\/\/mos.sosnowiec.pl\/index.php?rest_route=%2Fwp%2Fv2%2Ftags&post=15063"}],"curies":[{"name":"wp","href":"https:\/\/api.w.org\/{rel}","templated":true}]}}